{"id":25982,"date":"2025-09-12T14:40:44","date_gmt":"2025-09-12T12:40:44","guid":{"rendered":"https:\/\/www.golfedumorbihan-vannesagglomeration.bzh\/?post_type=news&#038;p=25982"},"modified":"2026-01-26T14:17:21","modified_gmt":"2026-01-26T13:17:21","slug":"rkg-suporterion-e-bourzh-ma-vo-begon-er-rabin","status":"publish","type":"news","link":"https:\/\/www.golfedumorbihan-vannesagglomeration.bzh\/br-fr\/actualites\/rkg-suporterion-e-bourzh-ma-vo-begon-er-rabin\/","title":{"rendered":"RKG\u00a0: suporterion e bourzh ma vo begon er Rabin"},"content":{"rendered":"\n<p>Pa vez krogado\u00f9 da noz e ouia a-walc\u2019h ar suporterion pegen diaes e vo parki\u00f1 e kreiz-k\u00ear\u00a0! Dre voneur e c\u2019hellant konti\u00f1 \u00e0r ar buso\u00f9 fretet a-ratozh-kaer get Kic\u00e9o evit o c\u2019has betak ar Rabin adal pevar lec\u2019h strategel. Ur servij kenniget deoc\u2019h goude diskouez ho plas evit ar match.<\/p>\n\n\n\n<p>Evit gouiet hiroc\u2019h\u00a0: 4 lec\u2019h loc\u2019hi\u00f1 e Gwened\u00a0: parklec\u2019h eskemm er c\u2019horn\u00f4g, parklec\u2019h Biler, park Chorus ha SKB, titouro\u00f9 oc\u2019hpenn\u00a0: www.kiceo.fr\/soiree-rugby-rcv\/<\/p>\n<div class=\"helpful-block-content wth-theme-thumbs\" data-title=\"\" >\n<ul>\n<li><span class=\"wth-title\">Ce contenu vous a-t-il \u00e9t\u00e9 utile ?<\/span><\/li>\n<li><a data-post=\"25982\" data-post-url=\"https:\/\/www.golfedumorbihan-vannesagglomeration.bzh\/br-fr\/actualites\/rkg-suporterion-e-bourzh-ma-vo-begon-er-rabin\/\" data-post-title=\"RKG\u00a0: suporterion e bourzh ma vo begon er Rabin\" data-response=\"1\" href=\"#\" class=\"wth-green-btn icon-thumbsup icon1-thumbs-up4\">Oui<\/a><a data-response=\"0\" data-post=\"25982\" data-post-url=\"https:\/\/www.golfedumorbihan-vannesagglomeration.bzh\/br-fr\/actualites\/rkg-suporterion-e-bourzh-ma-vo-begon-er-rabin\/\" data-post-title=\"RKG\u00a0: suporterion e bourzh ma vo begon er Rabin\" href=\"#\" class=\"wth-red-btn icon-thumbsdown icon1-thumbs-down4\">Non<\/a><\/li>\n<\/ul>\n<\/div>","protected":false},"excerpt":{"rendered":"<p>Pa vez krogado\u00f9 da noz e ouia a-walc\u2019h ar suporterion pegen diaes e vo parki\u00f1&#8230;<\/p>\n","protected":false},"author":7,"featured_media":7230,"comment_status":"closed","ping_status":"closed","template":"","news_theme":[],"news_equipment":[],"class_list":["post-25982","news","type-news","status-publish","has-post-thumbnail","hentry"],"acf":[],"yoast_head":"<!-- This site is optimized with the Yoast SEO plugin v27.4 - https:\/\/yoast.com\/product\/yoast-seo-wordpress\/ -->\n<title>RKG\u00a0: suporterion e bourzh ma vo begon er Rabin - Golfe du Morbihan - Vannes agglom\u00e9ration<\/title>\n<meta name=\"robots\" content=\"index, follow, max-snippet:-1, max-image-preview:large, max-video-preview:-1\" \/>\n<link rel=\"canonical\" href=\"https:\/\/www.golfedumorbihan-vannesagglomeration.bzh\/br-fr\/actualites\/rkg-suporterion-e-bourzh-ma-vo-begon-er-rabin\/\" \/>\n<meta property=\"og:locale\" content=\"br_FR\" \/>\n<meta property=\"og:type\" content=\"article\" \/>\n<meta property=\"og:title\" content=\"RKG\u00a0: suporterion e bourzh ma vo begon er Rabin - Golfe du Morbihan - Vannes agglom\u00e9ration\" \/>\n<meta property=\"og:description\" content=\"Pa vez krogado\u00f9 da noz e ouia a-walc\u2019h ar suporterion pegen diaes e vo parki\u00f1...\" \/>\n<meta property=\"og:url\" content=\"https:\/\/www.golfedumorbihan-vannesagglomeration.bzh\/br-fr\/actualites\/rkg-suporterion-e-bourzh-ma-vo-begon-er-rabin\/\" \/>\n<meta property=\"og:site_name\" content=\"Golfe du Morbihan - Vannes agglom\u00e9ration\" \/>\n<meta property=\"article:modified_time\" content=\"2026-01-26T13:17:21+00:00\" \/>\n<meta property=\"og:image\" content=\"https:\/\/www.golfedumorbihan-vannesagglomeration.bzh\/wp-content\/uploads\/2025\/02\/316306674_171283882209917_3652586015093219341_n.jpg\" \/>\n\t<meta property=\"og:image:width\" content=\"700\" \/>\n\t<meta property=\"og:image:height\" content=\"467\" \/>\n\t<meta property=\"og:image:type\" content=\"image\/jpeg\" \/>\n<meta name=\"twitter:card\" content=\"summary_large_image\" \/>\n<meta name=\"twitter:label1\" content=\"Est. reading time\" \/>\n\t<meta name=\"twitter:data1\" content=\"1 minute\" \/>\n<script type=\"application\/ld+json\" class=\"yoast-schema-graph\">{\"@context\":\"https:\\\/\\\/schema.org\",\"@graph\":[{\"@type\":\"WebPage\",\"@id\":\"https:\\\/\\\/www.golfedumorbihan-vannesagglomeration.bzh\\\/br-fr\\\/actualites\\\/rkg-suporterion-e-bourzh-ma-vo-begon-er-rabin\\\/\",\"url\":\"https:\\\/\\\/www.golfedumorbihan-vannesagglomeration.bzh\\\/br-fr\\\/actualites\\\/rkg-suporterion-e-bourzh-ma-vo-begon-er-rabin\\\/\",\"name\":\"RKG\u00a0: suporterion e bourzh ma vo begon er Rabin - Golfe du Morbihan - Vannes agglom\u00e9ration\",\"isPartOf\":{\"@id\":\"https:\\\/\\\/www.golfedumorbihan-vannesagglomeration.bzh\\\/br-fr\\\/#website\"},\"primaryImageOfPage\":{\"@id\":\"https:\\\/\\\/www.golfedumorbihan-vannesagglomeration.bzh\\\/br-fr\\\/actualites\\\/rkg-suporterion-e-bourzh-ma-vo-begon-er-rabin\\\/#primaryimage\"},\"image\":{\"@id\":\"https:\\\/\\\/www.golfedumorbihan-vannesagglomeration.bzh\\\/br-fr\\\/actualites\\\/rkg-suporterion-e-bourzh-ma-vo-begon-er-rabin\\\/#primaryimage\"},\"thumbnailUrl\":\"https:\\\/\\\/www.golfedumorbihan-vannesagglomeration.bzh\\\/wp-content\\\/uploads\\\/2025\\\/02\\\/316306674_171283882209917_3652586015093219341_n.jpg\",\"datePublished\":\"2025-09-12T12:40:44+00:00\",\"dateModified\":\"2026-01-26T13:17:21+00:00\",\"breadcrumb\":{\"@id\":\"https:\\\/\\\/www.golfedumorbihan-vannesagglomeration.bzh\\\/br-fr\\\/actualites\\\/rkg-suporterion-e-bourzh-ma-vo-begon-er-rabin\\\/#breadcrumb\"},\"inLanguage\":\"br-FR\",\"potentialAction\":[{\"@type\":\"ReadAction\",\"target\":[\"https:\\\/\\\/www.golfedumorbihan-vannesagglomeration.bzh\\\/br-fr\\\/actualites\\\/rkg-suporterion-e-bourzh-ma-vo-begon-er-rabin\\\/\"]}]},{\"@type\":\"ImageObject\",\"inLanguage\":\"br-FR\",\"@id\":\"https:\\\/\\\/www.golfedumorbihan-vannesagglomeration.bzh\\\/br-fr\\\/actualites\\\/rkg-suporterion-e-bourzh-ma-vo-begon-er-rabin\\\/#primaryimage\",\"url\":\"https:\\\/\\\/www.golfedumorbihan-vannesagglomeration.bzh\\\/wp-content\\\/uploads\\\/2025\\\/02\\\/316306674_171283882209917_3652586015093219341_n.jpg\",\"contentUrl\":\"https:\\\/\\\/www.golfedumorbihan-vannesagglomeration.bzh\\\/wp-content\\\/uploads\\\/2025\\\/02\\\/316306674_171283882209917_3652586015093219341_n.jpg\",\"width\":700,\"height\":467},{\"@type\":\"BreadcrumbList\",\"@id\":\"https:\\\/\\\/www.golfedumorbihan-vannesagglomeration.bzh\\\/br-fr\\\/actualites\\\/rkg-suporterion-e-bourzh-ma-vo-begon-er-rabin\\\/#breadcrumb\",\"itemListElement\":[{\"@type\":\"ListItem\",\"position\":1,\"name\":\"Accueil\",\"item\":\"https:\\\/\\\/www.golfedumorbihan-vannesagglomeration.bzh\\\/br-fr\\\/\"},{\"@type\":\"ListItem\",\"position\":2,\"name\":\"RKG\u00a0: suporterion e bourzh ma vo begon er Rabin\"}]},{\"@type\":\"WebSite\",\"@id\":\"https:\\\/\\\/www.golfedumorbihan-vannesagglomeration.bzh\\\/br-fr\\\/#website\",\"url\":\"https:\\\/\\\/www.golfedumorbihan-vannesagglomeration.bzh\\\/br-fr\\\/\",\"name\":\"Golfe du Morbihan - Vannes agglom\u00e9ration\",\"description\":\"\",\"potentialAction\":[{\"@type\":\"SearchAction\",\"target\":{\"@type\":\"EntryPoint\",\"urlTemplate\":\"https:\\\/\\\/www.golfedumorbihan-vannesagglomeration.bzh\\\/br-fr\\\/?s={search_term_string}\"},\"query-input\":{\"@type\":\"PropertyValueSpecification\",\"valueRequired\":true,\"valueName\":\"search_term_string\"}}],\"inLanguage\":\"br-FR\"}]}<\/script>\n<!-- \/ Yoast SEO plugin. -->","yoast_head_json":{"title":"RKG\u00a0: suporterion e bourzh ma vo begon er Rabin - Golfe du Morbihan - Vannes agglom\u00e9ration","robots":{"index":"index","follow":"follow","max-snippet":"max-snippet:-1","max-image-preview":"max-image-preview:large","max-video-preview":"max-video-preview:-1"},"canonical":"https:\/\/www.golfedumorbihan-vannesagglomeration.bzh\/br-fr\/actualites\/rkg-suporterion-e-bourzh-ma-vo-begon-er-rabin\/","og_locale":"br_FR","og_type":"article","og_title":"RKG\u00a0: suporterion e bourzh ma vo begon er Rabin - Golfe du Morbihan - Vannes agglom\u00e9ration","og_description":"Pa vez krogado\u00f9 da noz e ouia a-walc\u2019h ar suporterion pegen diaes e vo parki\u00f1...","og_url":"https:\/\/www.golfedumorbihan-vannesagglomeration.bzh\/br-fr\/actualites\/rkg-suporterion-e-bourzh-ma-vo-begon-er-rabin\/","og_site_name":"Golfe du Morbihan - Vannes agglom\u00e9ration","article_modified_time":"2026-01-26T13:17:21+00:00","og_image":[{"width":700,"height":467,"url":"https:\/\/www.golfedumorbihan-vannesagglomeration.bzh\/wp-content\/uploads\/2025\/02\/316306674_171283882209917_3652586015093219341_n.jpg","type":"image\/jpeg"}],"twitter_card":"summary_large_image","twitter_misc":{"Est. reading time":"1 minute"},"schema":{"@context":"https:\/\/schema.org","@graph":[{"@type":"WebPage","@id":"https:\/\/www.golfedumorbihan-vannesagglomeration.bzh\/br-fr\/actualites\/rkg-suporterion-e-bourzh-ma-vo-begon-er-rabin\/","url":"https:\/\/www.golfedumorbihan-vannesagglomeration.bzh\/br-fr\/actualites\/rkg-suporterion-e-bourzh-ma-vo-begon-er-rabin\/","name":"RKG\u00a0: suporterion e bourzh ma vo begon er Rabin - Golfe du Morbihan - Vannes agglom\u00e9ration","isPartOf":{"@id":"https:\/\/www.golfedumorbihan-vannesagglomeration.bzh\/br-fr\/#website"},"primaryImageOfPage":{"@id":"https:\/\/www.golfedumorbihan-vannesagglomeration.bzh\/br-fr\/actualites\/rkg-suporterion-e-bourzh-ma-vo-begon-er-rabin\/#primaryimage"},"image":{"@id":"https:\/\/www.golfedumorbihan-vannesagglomeration.bzh\/br-fr\/actualites\/rkg-suporterion-e-bourzh-ma-vo-begon-er-rabin\/#primaryimage"},"thumbnailUrl":"https:\/\/www.golfedumorbihan-vannesagglomeration.bzh\/wp-content\/uploads\/2025\/02\/316306674_171283882209917_3652586015093219341_n.jpg","datePublished":"2025-09-12T12:40:44+00:00","dateModified":"2026-01-26T13:17:21+00:00","breadcrumb":{"@id":"https:\/\/www.golfedumorbihan-vannesagglomeration.bzh\/br-fr\/actualites\/rkg-suporterion-e-bourzh-ma-vo-begon-er-rabin\/#breadcrumb"},"inLanguage":"br-FR","potentialAction":[{"@type":"ReadAction","target":["https:\/\/www.golfedumorbihan-vannesagglomeration.bzh\/br-fr\/actualites\/rkg-suporterion-e-bourzh-ma-vo-begon-er-rabin\/"]}]},{"@type":"ImageObject","inLanguage":"br-FR","@id":"https:\/\/www.golfedumorbihan-vannesagglomeration.bzh\/br-fr\/actualites\/rkg-suporterion-e-bourzh-ma-vo-begon-er-rabin\/#primaryimage","url":"https:\/\/www.golfedumorbihan-vannesagglomeration.bzh\/wp-content\/uploads\/2025\/02\/316306674_171283882209917_3652586015093219341_n.jpg","contentUrl":"https:\/\/www.golfedumorbihan-vannesagglomeration.bzh\/wp-content\/uploads\/2025\/02\/316306674_171283882209917_3652586015093219341_n.jpg","width":700,"height":467},{"@type":"BreadcrumbList","@id":"https:\/\/www.golfedumorbihan-vannesagglomeration.bzh\/br-fr\/actualites\/rkg-suporterion-e-bourzh-ma-vo-begon-er-rabin\/#breadcrumb","itemListElement":[{"@type":"ListItem","position":1,"name":"Accueil","item":"https:\/\/www.golfedumorbihan-vannesagglomeration.bzh\/br-fr\/"},{"@type":"ListItem","position":2,"name":"RKG\u00a0: suporterion e bourzh ma vo begon er Rabin"}]},{"@type":"WebSite","@id":"https:\/\/www.golfedumorbihan-vannesagglomeration.bzh\/br-fr\/#website","url":"https:\/\/www.golfedumorbihan-vannesagglomeration.bzh\/br-fr\/","name":"Golfe du Morbihan - Vannes agglom\u00e9ration","description":"","potentialAction":[{"@type":"SearchAction","target":{"@type":"EntryPoint","urlTemplate":"https:\/\/www.golfedumorbihan-vannesagglomeration.bzh\/br-fr\/?s={search_term_string}"},"query-input":{"@type":"PropertyValueSpecification","valueRequired":true,"valueName":"search_term_string"}}],"inLanguage":"br-FR"}]}},"_links":{"self":[{"href":"https:\/\/www.golfedumorbihan-vannesagglomeration.bzh\/br-fr\/wp-json\/wp\/v2\/news\/25982","targetHints":{"allow":["GET"]}}],"collection":[{"href":"https:\/\/www.golfedumorbihan-vannesagglomeration.bzh\/br-fr\/wp-json\/wp\/v2\/news"}],"about":[{"href":"https:\/\/www.golfedumorbihan-vannesagglomeration.bzh\/br-fr\/wp-json\/wp\/v2\/types\/news"}],"author":[{"embeddable":true,"href":"https:\/\/www.golfedumorbihan-vannesagglomeration.bzh\/br-fr\/wp-json\/wp\/v2\/users\/7"}],"replies":[{"embeddable":true,"href":"https:\/\/www.golfedumorbihan-vannesagglomeration.bzh\/br-fr\/wp-json\/wp\/v2\/comments?post=25982"}],"version-history":[{"count":1,"href":"https:\/\/www.golfedumorbihan-vannesagglomeration.bzh\/br-fr\/wp-json\/wp\/v2\/news\/25982\/revisions"}],"predecessor-version":[{"id":25983,"href":"https:\/\/www.golfedumorbihan-vannesagglomeration.bzh\/br-fr\/wp-json\/wp\/v2\/news\/25982\/revisions\/25983"}],"wp:featuredmedia":[{"embeddable":true,"href":"https:\/\/www.golfedumorbihan-vannesagglomeration.bzh\/br-fr\/wp-json\/wp\/v2\/media\/7230"}],"wp:attachment":[{"href":"https:\/\/www.golfedumorbihan-vannesagglomeration.bzh\/br-fr\/wp-json\/wp\/v2\/media?parent=25982"}],"wp:term":[{"taxonomy":"news_theme","embeddable":true,"href":"https:\/\/www.golfedumorbihan-vannesagglomeration.bzh\/br-fr\/wp-json\/wp\/v2\/news_theme?post=25982"},{"taxonomy":"news_equipment","embeddable":true,"href":"https:\/\/www.golfedumorbihan-vannesagglomeration.bzh\/br-fr\/wp-json\/wp\/v2\/news_equipment?post=25982"}],"curies":[{"name":"wp","href":"https:\/\/api.w.org\/{rel}","templated":true}]}}