{"id":21442,"date":"2025-07-02T11:34:33","date_gmt":"2025-07-02T09:34:33","guid":{"rendered":"https:\/\/www.golfedumorbihan-vannesagglomeration.bzh\/?post_type=news&#038;p=21442"},"modified":"2025-07-28T15:05:44","modified_gmt":"2025-07-28T13:05:44","slug":"kelchiad-an-dour-ur-vaketenn-evit-kompren-gwell","status":"publish","type":"news","link":"https:\/\/www.golfedumorbihan-vannesagglomeration.bzh\/br-fr\/actualites\/kelchiad-an-dour-ur-vaketenn-evit-kompren-gwell\/","title":{"rendered":"Kelc\u2019hiad an dour\u00a0: ur vaketenn evit kompren gwell"},"content":{"rendered":"\n<p>Ur menez-tan \u00e9 tislonki\u00f1, koskoriad an Heol\u2026 N\u2019heller ket diso\u00f1jal ar maketenno\u00f9 ag ar choaz savet get pare \u00ab C\u2019est pas sorcier \u00bb, an abadenn da zisplegi\u00f1 ar skianto\u00f9. Geti e veze aes kompren an anadenno\u00f9 luzieta\u00f1 memes : trawalc\u2019h e oa sellet doc\u2019h ar maketenno\u00f9 lem-laka. \u00c0r un dra ha\u00f1val en deus labouret an tolpad asambl get danvez ijinerion ag an ICAM (4vet blezad), tud yaouank hag a ouia doc\u2019h ar skianto\u00f9 hag ampart \u00e0r al labour dorn.<\/p>\n\n\n\n<p>Hag int da sevel peadra da lakat ar re vras hag ar re vihan da welet petra eo kelc\u2019hiad an dour, a-gaoz da berak ema\u00f1 pouezus er gwarezi\u00f1 ha pesort risklo\u00f9 a vez get an dic\u2019hlanno\u00f9. A-c\u2019houde pevar miz e labouront da sevel ur vaketenn etreoberiat hag a zay da vout un ostilh pedagogel evit kompren get pesort hent ec\u2019h a an dour en un diazad doureier. Ar vaketenn a yay meur a damm d\u2019ober anezhi. Get al lodenn anezhi a c\u2019hellor soubi\u00f1 en dour e vo moian da ziskouezi\u00f1 efedo\u00f9 obererezhio\u00f9 an dud \u00e0r ar pourvezio\u00f9 dour, an dic\u2019hlanno\u00f9, roll an tachado\u00f9 gleb hag ar c\u2019harzhaoueg\u2026 Bout eo ur vaketenn da welet hep mank !<\/p>\n<div class=\"helpful-block-content wth-theme-thumbs\" data-title=\"\" >\n<ul>\n<li><span class=\"wth-title\">Ce contenu vous a-t-il \u00e9t\u00e9 utile ?<\/span><\/li>\n<li><a data-post=\"21442\" data-post-url=\"https:\/\/www.golfedumorbihan-vannesagglomeration.bzh\/br-fr\/actualites\/kelchiad-an-dour-ur-vaketenn-evit-kompren-gwell\/\" data-post-title=\"Kelc\u2019hiad an dour\u00a0: ur vaketenn evit kompren gwell\" data-response=\"1\" href=\"#\" class=\"wth-green-btn icon-thumbsup icon1-thumbs-up4\">Oui<\/a><a data-response=\"0\" data-post=\"21442\" data-post-url=\"https:\/\/www.golfedumorbihan-vannesagglomeration.bzh\/br-fr\/actualites\/kelchiad-an-dour-ur-vaketenn-evit-kompren-gwell\/\" data-post-title=\"Kelc\u2019hiad an dour\u00a0: ur vaketenn evit kompren gwell\" href=\"#\" class=\"wth-red-btn icon-thumbsdown icon1-thumbs-down4\">Non<\/a><\/li>\n<\/ul>\n<\/div>","protected":false},"excerpt":{"rendered":"<p>Ur menez-tan \u00e9 tislonki\u00f1, koskoriad an Heol\u2026 N\u2019heller ket diso\u00f1jal ar maketenno\u00f9 ag ar choaz&#8230;<\/p>\n","protected":false},"author":7,"featured_media":20903,"comment_status":"closed","ping_status":"closed","template":"","news_theme":[67],"news_equipment":[],"class_list":["post-21442","news","type-news","status-publish","has-post-thumbnail","hentry","news_theme-eau-et-assainissement"],"acf":[],"yoast_head":"<!-- This site is optimized with the Yoast SEO plugin v27.4 - https:\/\/yoast.com\/product\/yoast-seo-wordpress\/ -->\n<title>Kelc\u2019hiad an dour\u00a0: ur vaketenn evit kompren gwell - Golfe du Morbihan - Vannes agglom\u00e9ration<\/title>\n<meta name=\"robots\" content=\"index, follow, max-snippet:-1, max-image-preview:large, max-video-preview:-1\" \/>\n<link rel=\"canonical\" href=\"https:\/\/www.golfedumorbihan-vannesagglomeration.bzh\/br-fr\/actualites\/kelchiad-an-dour-ur-vaketenn-evit-kompren-gwell\/\" \/>\n<meta property=\"og:locale\" content=\"br_FR\" \/>\n<meta property=\"og:type\" content=\"article\" \/>\n<meta property=\"og:title\" content=\"Kelc\u2019hiad an dour\u00a0: ur vaketenn evit kompren gwell - Golfe du Morbihan - Vannes agglom\u00e9ration\" \/>\n<meta property=\"og:description\" content=\"Ur menez-tan \u00e9 tislonki\u00f1, koskoriad an Heol\u2026 N\u2019heller ket diso\u00f1jal ar maketenno\u00f9 ag ar choaz...\" \/>\n<meta property=\"og:url\" content=\"https:\/\/www.golfedumorbihan-vannesagglomeration.bzh\/br-fr\/actualites\/kelchiad-an-dour-ur-vaketenn-evit-kompren-gwell\/\" \/>\n<meta property=\"og:site_name\" content=\"Golfe du Morbihan - Vannes agglom\u00e9ration\" \/>\n<meta property=\"article:modified_time\" content=\"2025-07-28T13:05:44+00:00\" \/>\n<meta property=\"og:image\" content=\"https:\/\/www.golfedumorbihan-vannesagglomeration.bzh\/wp-content\/uploads\/2025\/07\/504377091_724829010188732_5309402622329450113_n.jpg\" \/>\n\t<meta property=\"og:image:width\" content=\"1638\" \/>\n\t<meta property=\"og:image:height\" content=\"2048\" \/>\n\t<meta property=\"og:image:type\" content=\"image\/jpeg\" \/>\n<meta name=\"twitter:card\" content=\"summary_large_image\" \/>\n<meta name=\"twitter:label1\" content=\"Est. reading time\" \/>\n\t<meta name=\"twitter:data1\" content=\"2 minutes\" \/>\n<script type=\"application\/ld+json\" class=\"yoast-schema-graph\">{\"@context\":\"https:\\\/\\\/schema.org\",\"@graph\":[{\"@type\":\"WebPage\",\"@id\":\"https:\\\/\\\/www.golfedumorbihan-vannesagglomeration.bzh\\\/br-fr\\\/actualites\\\/kelchiad-an-dour-ur-vaketenn-evit-kompren-gwell\\\/\",\"url\":\"https:\\\/\\\/www.golfedumorbihan-vannesagglomeration.bzh\\\/br-fr\\\/actualites\\\/kelchiad-an-dour-ur-vaketenn-evit-kompren-gwell\\\/\",\"name\":\"Kelc\u2019hiad an dour\u00a0: ur vaketenn evit kompren gwell - Golfe du Morbihan - Vannes agglom\u00e9ration\",\"isPartOf\":{\"@id\":\"https:\\\/\\\/www.golfedumorbihan-vannesagglomeration.bzh\\\/br-fr\\\/#website\"},\"primaryImageOfPage\":{\"@id\":\"https:\\\/\\\/www.golfedumorbihan-vannesagglomeration.bzh\\\/br-fr\\\/actualites\\\/kelchiad-an-dour-ur-vaketenn-evit-kompren-gwell\\\/#primaryimage\"},\"image\":{\"@id\":\"https:\\\/\\\/www.golfedumorbihan-vannesagglomeration.bzh\\\/br-fr\\\/actualites\\\/kelchiad-an-dour-ur-vaketenn-evit-kompren-gwell\\\/#primaryimage\"},\"thumbnailUrl\":\"https:\\\/\\\/www.golfedumorbihan-vannesagglomeration.bzh\\\/wp-content\\\/uploads\\\/2025\\\/07\\\/504377091_724829010188732_5309402622329450113_n.jpg\",\"datePublished\":\"2025-07-02T09:34:33+00:00\",\"dateModified\":\"2025-07-28T13:05:44+00:00\",\"breadcrumb\":{\"@id\":\"https:\\\/\\\/www.golfedumorbihan-vannesagglomeration.bzh\\\/br-fr\\\/actualites\\\/kelchiad-an-dour-ur-vaketenn-evit-kompren-gwell\\\/#breadcrumb\"},\"inLanguage\":\"br-FR\",\"potentialAction\":[{\"@type\":\"ReadAction\",\"target\":[\"https:\\\/\\\/www.golfedumorbihan-vannesagglomeration.bzh\\\/br-fr\\\/actualites\\\/kelchiad-an-dour-ur-vaketenn-evit-kompren-gwell\\\/\"]}]},{\"@type\":\"ImageObject\",\"inLanguage\":\"br-FR\",\"@id\":\"https:\\\/\\\/www.golfedumorbihan-vannesagglomeration.bzh\\\/br-fr\\\/actualites\\\/kelchiad-an-dour-ur-vaketenn-evit-kompren-gwell\\\/#primaryimage\",\"url\":\"https:\\\/\\\/www.golfedumorbihan-vannesagglomeration.bzh\\\/wp-content\\\/uploads\\\/2025\\\/07\\\/504377091_724829010188732_5309402622329450113_n.jpg\",\"contentUrl\":\"https:\\\/\\\/www.golfedumorbihan-vannesagglomeration.bzh\\\/wp-content\\\/uploads\\\/2025\\\/07\\\/504377091_724829010188732_5309402622329450113_n.jpg\",\"width\":1638,\"height\":2048},{\"@type\":\"BreadcrumbList\",\"@id\":\"https:\\\/\\\/www.golfedumorbihan-vannesagglomeration.bzh\\\/br-fr\\\/actualites\\\/kelchiad-an-dour-ur-vaketenn-evit-kompren-gwell\\\/#breadcrumb\",\"itemListElement\":[{\"@type\":\"ListItem\",\"position\":1,\"name\":\"Accueil\",\"item\":\"https:\\\/\\\/www.golfedumorbihan-vannesagglomeration.bzh\\\/br-fr\\\/\"},{\"@type\":\"ListItem\",\"position\":2,\"name\":\"Kelc\u2019hiad an dour\u00a0: ur vaketenn evit kompren gwell\"}]},{\"@type\":\"WebSite\",\"@id\":\"https:\\\/\\\/www.golfedumorbihan-vannesagglomeration.bzh\\\/br-fr\\\/#website\",\"url\":\"https:\\\/\\\/www.golfedumorbihan-vannesagglomeration.bzh\\\/br-fr\\\/\",\"name\":\"Golfe du Morbihan - Vannes agglom\u00e9ration\",\"description\":\"\",\"potentialAction\":[{\"@type\":\"SearchAction\",\"target\":{\"@type\":\"EntryPoint\",\"urlTemplate\":\"https:\\\/\\\/www.golfedumorbihan-vannesagglomeration.bzh\\\/br-fr\\\/?s={search_term_string}\"},\"query-input\":{\"@type\":\"PropertyValueSpecification\",\"valueRequired\":true,\"valueName\":\"search_term_string\"}}],\"inLanguage\":\"br-FR\"}]}<\/script>\n<!-- \/ Yoast SEO plugin. -->","yoast_head_json":{"title":"Kelc\u2019hiad an dour\u00a0: ur vaketenn evit kompren gwell - Golfe du Morbihan - Vannes agglom\u00e9ration","robots":{"index":"index","follow":"follow","max-snippet":"max-snippet:-1","max-image-preview":"max-image-preview:large","max-video-preview":"max-video-preview:-1"},"canonical":"https:\/\/www.golfedumorbihan-vannesagglomeration.bzh\/br-fr\/actualites\/kelchiad-an-dour-ur-vaketenn-evit-kompren-gwell\/","og_locale":"br_FR","og_type":"article","og_title":"Kelc\u2019hiad an dour\u00a0: ur vaketenn evit kompren gwell - Golfe du Morbihan - Vannes agglom\u00e9ration","og_description":"Ur menez-tan \u00e9 tislonki\u00f1, koskoriad an Heol\u2026 N\u2019heller ket diso\u00f1jal ar maketenno\u00f9 ag ar choaz...","og_url":"https:\/\/www.golfedumorbihan-vannesagglomeration.bzh\/br-fr\/actualites\/kelchiad-an-dour-ur-vaketenn-evit-kompren-gwell\/","og_site_name":"Golfe du Morbihan - Vannes agglom\u00e9ration","article_modified_time":"2025-07-28T13:05:44+00:00","og_image":[{"width":1638,"height":2048,"url":"https:\/\/www.golfedumorbihan-vannesagglomeration.bzh\/wp-content\/uploads\/2025\/07\/504377091_724829010188732_5309402622329450113_n.jpg","type":"image\/jpeg"}],"twitter_card":"summary_large_image","twitter_misc":{"Est. reading time":"2 minutes"},"schema":{"@context":"https:\/\/schema.org","@graph":[{"@type":"WebPage","@id":"https:\/\/www.golfedumorbihan-vannesagglomeration.bzh\/br-fr\/actualites\/kelchiad-an-dour-ur-vaketenn-evit-kompren-gwell\/","url":"https:\/\/www.golfedumorbihan-vannesagglomeration.bzh\/br-fr\/actualites\/kelchiad-an-dour-ur-vaketenn-evit-kompren-gwell\/","name":"Kelc\u2019hiad an dour\u00a0: ur vaketenn evit kompren gwell - Golfe du Morbihan - Vannes agglom\u00e9ration","isPartOf":{"@id":"https:\/\/www.golfedumorbihan-vannesagglomeration.bzh\/br-fr\/#website"},"primaryImageOfPage":{"@id":"https:\/\/www.golfedumorbihan-vannesagglomeration.bzh\/br-fr\/actualites\/kelchiad-an-dour-ur-vaketenn-evit-kompren-gwell\/#primaryimage"},"image":{"@id":"https:\/\/www.golfedumorbihan-vannesagglomeration.bzh\/br-fr\/actualites\/kelchiad-an-dour-ur-vaketenn-evit-kompren-gwell\/#primaryimage"},"thumbnailUrl":"https:\/\/www.golfedumorbihan-vannesagglomeration.bzh\/wp-content\/uploads\/2025\/07\/504377091_724829010188732_5309402622329450113_n.jpg","datePublished":"2025-07-02T09:34:33+00:00","dateModified":"2025-07-28T13:05:44+00:00","breadcrumb":{"@id":"https:\/\/www.golfedumorbihan-vannesagglomeration.bzh\/br-fr\/actualites\/kelchiad-an-dour-ur-vaketenn-evit-kompren-gwell\/#breadcrumb"},"inLanguage":"br-FR","potentialAction":[{"@type":"ReadAction","target":["https:\/\/www.golfedumorbihan-vannesagglomeration.bzh\/br-fr\/actualites\/kelchiad-an-dour-ur-vaketenn-evit-kompren-gwell\/"]}]},{"@type":"ImageObject","inLanguage":"br-FR","@id":"https:\/\/www.golfedumorbihan-vannesagglomeration.bzh\/br-fr\/actualites\/kelchiad-an-dour-ur-vaketenn-evit-kompren-gwell\/#primaryimage","url":"https:\/\/www.golfedumorbihan-vannesagglomeration.bzh\/wp-content\/uploads\/2025\/07\/504377091_724829010188732_5309402622329450113_n.jpg","contentUrl":"https:\/\/www.golfedumorbihan-vannesagglomeration.bzh\/wp-content\/uploads\/2025\/07\/504377091_724829010188732_5309402622329450113_n.jpg","width":1638,"height":2048},{"@type":"BreadcrumbList","@id":"https:\/\/www.golfedumorbihan-vannesagglomeration.bzh\/br-fr\/actualites\/kelchiad-an-dour-ur-vaketenn-evit-kompren-gwell\/#breadcrumb","itemListElement":[{"@type":"ListItem","position":1,"name":"Accueil","item":"https:\/\/www.golfedumorbihan-vannesagglomeration.bzh\/br-fr\/"},{"@type":"ListItem","position":2,"name":"Kelc\u2019hiad an dour\u00a0: ur vaketenn evit kompren gwell"}]},{"@type":"WebSite","@id":"https:\/\/www.golfedumorbihan-vannesagglomeration.bzh\/br-fr\/#website","url":"https:\/\/www.golfedumorbihan-vannesagglomeration.bzh\/br-fr\/","name":"Golfe du Morbihan - Vannes agglom\u00e9ration","description":"","potentialAction":[{"@type":"SearchAction","target":{"@type":"EntryPoint","urlTemplate":"https:\/\/www.golfedumorbihan-vannesagglomeration.bzh\/br-fr\/?s={search_term_string}"},"query-input":{"@type":"PropertyValueSpecification","valueRequired":true,"valueName":"search_term_string"}}],"inLanguage":"br-FR"}]}},"_links":{"self":[{"href":"https:\/\/www.golfedumorbihan-vannesagglomeration.bzh\/br-fr\/wp-json\/wp\/v2\/news\/21442","targetHints":{"allow":["GET"]}}],"collection":[{"href":"https:\/\/www.golfedumorbihan-vannesagglomeration.bzh\/br-fr\/wp-json\/wp\/v2\/news"}],"about":[{"href":"https:\/\/www.golfedumorbihan-vannesagglomeration.bzh\/br-fr\/wp-json\/wp\/v2\/types\/news"}],"author":[{"embeddable":true,"href":"https:\/\/www.golfedumorbihan-vannesagglomeration.bzh\/br-fr\/wp-json\/wp\/v2\/users\/7"}],"replies":[{"embeddable":true,"href":"https:\/\/www.golfedumorbihan-vannesagglomeration.bzh\/br-fr\/wp-json\/wp\/v2\/comments?post=21442"}],"version-history":[{"count":1,"href":"https:\/\/www.golfedumorbihan-vannesagglomeration.bzh\/br-fr\/wp-json\/wp\/v2\/news\/21442\/revisions"}],"predecessor-version":[{"id":21443,"href":"https:\/\/www.golfedumorbihan-vannesagglomeration.bzh\/br-fr\/wp-json\/wp\/v2\/news\/21442\/revisions\/21443"}],"wp:featuredmedia":[{"embeddable":true,"href":"https:\/\/www.golfedumorbihan-vannesagglomeration.bzh\/br-fr\/wp-json\/wp\/v2\/media\/20903"}],"wp:attachment":[{"href":"https:\/\/www.golfedumorbihan-vannesagglomeration.bzh\/br-fr\/wp-json\/wp\/v2\/media?parent=21442"}],"wp:term":[{"taxonomy":"news_theme","embeddable":true,"href":"https:\/\/www.golfedumorbihan-vannesagglomeration.bzh\/br-fr\/wp-json\/wp\/v2\/news_theme?post=21442"},{"taxonomy":"news_equipment","embeddable":true,"href":"https:\/\/www.golfedumorbihan-vannesagglomeration.bzh\/br-fr\/wp-json\/wp\/v2\/news_equipment?post=21442"}],"curies":[{"name":"wp","href":"https:\/\/api.w.org\/{rel}","templated":true}]}}